{"id":18900,"date":"2014-12-02T18:33:39","date_gmt":"2014-12-02T18:33:39","guid":{"rendered":"http:\/\/meyproducciones.com\/?p=18900"},"modified":"2023-08-09T20:03:56","modified_gmt":"2023-08-09T20:03:56","slug":"despierta-la-fuerza","status":"publish","type":"post","link":"https:\/\/meyproducciones.com\/?p=18900","title":{"rendered":"DESPIERTA LA FUERZA"},"content":{"rendered":"<p style=\"text-align: center;\"><span style=\"font-size: medium; color: #000000;\"><img fetchpriority=\"high\" decoding=\"async\" class=\" wp-image-18906 aligncenter\" alt=\"\" src=\"http:\/\/meyproducciones.com\/wp-content\/uploads\/2014\/12\/star-wars-episode-7.jpg\" width=\"680\" height=\"340\" \/><\/span><\/p>\n<p style=\"text-align: justify;\"><span style=\"font-size: medium; color: #000000;\">Ya esta listo el trailer de la \u00faltima entrega de la obra maestra de George Lucas, STAR WARS EPISODIO VII: LA FUERZA DESPIERTA, esperado por los millones de fan\u00e1ticos que llevan a Luke Skywalker, R2D2 y C3PO en el coraz\u00f3n, los dejamos con el Trailer y que la fuerza los acompa\u00f1e.<\/span><\/p>\n<p style=\"text-align: justify;\">\u00a0<\/p>\n<p>\u00a0<iframe src=\"\/\/www.youtube.com\/embed\/OMOVFvcNfvE\" height=\"383\" width=\"680\" allowfullscreen=\"\" frameborder=\"0\"><\/iframe><\/p>\n<p>&nbsp;<\/p>\n<p>POR: Andres Vallecilla Jaramillo<\/p>\n","protected":false},"excerpt":{"rendered":"<p>Ya esta listo el trailer de la \u00faltima entrega de la obra maestra de George Lucas, STAR WARS EPISODIO VII: LA FUERZA DESPIERTA, esperado por los millones de fan\u00e1ticos que llevan a Luke Skywalker, R2D2 y C3PO en el coraz\u00f3n, los dejamos con el Trailer y que la fuerza los acompa\u00f1e. \u00a0 \u00a0 &nbsp; POR: [&hellip;]<\/p>\n","protected":false},"author":1,"featured_media":0,"comment_status":"closed","ping_status":"closed","sticky":false,"template":"","format":"standard","meta":{"inline_featured_image":false,"footnotes":""},"categories":[4],"tags":[],"class_list":["post-18900","post","type-post","status-publish","format-standard","hentry","category-actualidad"],"_links":{"self":[{"href":"https:\/\/meyproducciones.com\/index.php?rest_route=\/wp\/v2\/posts\/18900","targetHints":{"allow":["GET"]}}],"collection":[{"href":"https:\/\/meyproducciones.com\/index.php?rest_route=\/wp\/v2\/posts"}],"about":[{"href":"https:\/\/meyproducciones.com\/index.php?rest_route=\/wp\/v2\/types\/post"}],"author":[{"embeddable":true,"href":"https:\/\/meyproducciones.com\/index.php?rest_route=\/wp\/v2\/users\/1"}],"replies":[{"embeddable":true,"href":"https:\/\/meyproducciones.com\/index.php?rest_route=%2Fwp%2Fv2%2Fcomments&post=18900"}],"version-history":[{"count":0,"href":"https:\/\/meyproducciones.com\/index.php?rest_route=\/wp\/v2\/posts\/18900\/revisions"}],"wp:attachment":[{"href":"https:\/\/meyproducciones.com\/index.php?rest_route=%2Fwp%2Fv2%2Fmedia&parent=18900"}],"wp:term":[{"taxonomy":"category","embeddable":true,"href":"https:\/\/meyproducciones.com\/index.php?rest_route=%2Fwp%2Fv2%2Fcategories&post=18900"},{"taxonomy":"post_tag","embeddable":true,"href":"https:\/\/meyproducciones.com\/index.php?rest_route=%2Fwp%2Fv2%2Ftags&post=18900"}],"curies":[{"name":"wp","href":"https:\/\/api.w.org\/{rel}","templated":true}]}}